{"id":3453,"date":"2026-08-30T07:45:10","date_gmt":"2026-08-30T05:45:10","guid":{"rendered":"https:\/\/www.spolekbos.cz\/?p=3453"},"modified":"2026-08-30T07:46:59","modified_gmt":"2026-08-30T05:46:59","slug":"osmy-rocnik-svatovaclavskeho-behu-je-za-dvermi","status":"publish","type":"post","link":"https:\/\/www.spolekbos.cz\/?p=3453","title":{"rendered":"Osm\u00fd ro\u010dn\u00edk Svatov\u00e1clavsk\u00e9ho b\u011bhu je za dve\u0159mi"},"content":{"rendered":"\n<p>Na pond\u011bl\u00ed 28. z\u00e1\u0159\u00ed jsme si pro V\u00e1s p\u0159ipavili ji\u017e osm\u00fd ro\u010dn\u00edk tradi\u010dn\u00edho Svatov\u00e1clavsk\u00e9ho b\u011bhu Svatomartinskou alej\u00ed. P\u0159ij\u010fte si u\u017e\u00edt rodinn\u00e9 sousedsk\u00e9 odpoledne s trochou sportu.<\/p>\n\n\n\n<p>Sraz a registrace startuj\u00edc\u00edch bude prob\u00edhat od 14:00 vedle Bo\u017e\u00edch muk sv. Martina na bolebo\u0159sk\u00e9m konci ovocn\u00e9 Svatomartinsk\u00e9 aleje. Trasa o d\u00e9lce cca 950m je stejn\u00e1 pro v\u0161echny kategorie. Rozd\u00edly jsou jen v mno\u017estv\u00ed a druhu povinn\u00e9ho ob\u010derstven\u00ed.<\/p>\n\n\n\n<p>Po dob\u011bhu na v\u0161echny \u010dek\u00e1 pohodov\u00e1 atmosf\u00e9ra u ohn\u011b na n\u00e1vsi v Oras\u00edn\u011b, kde vyhl\u00e1s\u00edme v\u00fdsledky, popov\u00edd\u00e1me, sn\u00edme n\u011bjak\u00e9 to maso a prost\u011b si u\u017eijeme zbytek dne.<\/p>\n\n\n\n<figure class=\"wp-block-image size-large\"><img loading=\"lazy\" decoding=\"async\" width=\"723\" height=\"1024\" src=\"https:\/\/www.spolekbos.cz\/wp-content\/uploads\/2026\/08\/PHOTO-2026-08-25-09-52-20-723x1024.jpg\" alt=\"\" class=\"wp-image-3455\" srcset=\"https:\/\/www.spolekbos.cz\/wp-content\/uploads\/2026\/08\/PHOTO-2026-08-25-09-52-20-723x1024.jpg 723w, https:\/\/www.spolekbos.cz\/wp-content\/uploads\/2026\/08\/PHOTO-2026-08-25-09-52-20-212x300.jpg 212w, https:\/\/www.spolekbos.cz\/wp-content\/uploads\/2026\/08\/PHOTO-2026-08-25-09-52-20-768x1087.jpg 768w, https:\/\/www.spolekbos.cz\/wp-content\/uploads\/2026\/08\/PHOTO-2026-08-25-09-52-20-23x32.jpg 23w, https:\/\/www.spolekbos.cz\/wp-content\/uploads\/2026\/08\/PHOTO-2026-08-25-09-52-20.jpg 904w\" sizes=\"auto, (max-width: 723px) 100vw, 723px\" \/><\/figure>\n<!--CusAds0-->\n<div style=\"font-size: 0px; height: 0px; line-height: 0px; margin: 0; padding: 0; clear: both;\"><\/div>","protected":false},"excerpt":{"rendered":"<p>Na pond\u011bl\u00ed 28. z\u00e1\u0159\u00ed jsme si pro V\u00e1s p\u0159ipavili ji\u017e osm\u00fd ro\u010dn\u00edk tradi\u010dn\u00edho Svatov\u00e1clavsk\u00e9ho b\u011bhu Svatomartinskou alej\u00ed. P\u0159ij\u010fte si u\u017e\u00edt rodinn\u00e9 sousedsk\u00e9 odpoledne s trochou sportu. Sraz a registrace startuj\u00edc\u00edch bude prob\u00edhat od 14:00 vedle Bo\u017e\u00edch muk sv. Martina na <a href=\"https:\/\/www.spolekbos.cz\/?p=3453\"> Read more&#8230;<\/a><\/p>\n","protected":false},"author":21,"featured_media":3454,"comment_status":"open","ping_status":"closed","sticky":false,"template":"","format":"standard","meta":{"footnotes":""},"categories":[46],"tags":[],"class_list":["post-3453","post","type-post","status-publish","format-standard","has-post-thumbnail","hentry","category-vsechno"],"yoast_head":"<!-- This site is optimized with the Yoast SEO plugin v27.3 - https:\/\/yoast.com\/product\/yoast-seo-wordpress\/ -->\n<title>Osm\u00fd ro\u010dn\u00edk Svatov\u00e1clavsk\u00e9ho b\u011bhu je za dve\u0159mi - Spolek Bolebo\u0159, Oras\u00edn, Svahov\u00e1<\/title>\n<meta name=\"robots\" content=\"index, follow, max-snippet:-1, max-image-preview:large, max-video-preview:-1\" \/>\n<link rel=\"canonical\" href=\"https:\/\/www.spolekbos.cz\/?p=3453\" \/>\n<meta property=\"og:locale\" content=\"cs_CZ\" \/>\n<meta property=\"og:type\" content=\"article\" \/>\n<meta property=\"og:title\" content=\"Osm\u00fd ro\u010dn\u00edk Svatov\u00e1clavsk\u00e9ho b\u011bhu je za dve\u0159mi - Spolek Bolebo\u0159, Oras\u00edn, Svahov\u00e1\" \/>\n<meta property=\"og:description\" content=\"Na pond\u011bl\u00ed 28. z\u00e1\u0159\u00ed jsme si pro V\u00e1s p\u0159ipavili ji\u017e osm\u00fd ro\u010dn\u00edk tradi\u010dn\u00edho Svatov\u00e1clavsk\u00e9ho b\u011bhu Svatomartinskou alej\u00ed. P\u0159ij\u010fte si u\u017e\u00edt rodinn\u00e9 sousedsk\u00e9 odpoledne s trochou sportu. Sraz a registrace startuj\u00edc\u00edch bude prob\u00edhat od 14:00 vedle Bo\u017e\u00edch muk sv. Martina na Read more&#8230;\" \/>\n<meta property=\"og:url\" content=\"https:\/\/www.spolekbos.cz\/?p=3453\" \/>\n<meta property=\"og:site_name\" content=\"Spolek Bolebo\u0159, Oras\u00edn, Svahov\u00e1\" \/>\n<meta property=\"article:published_time\" content=\"2026-08-30T05:45:10+00:00\" \/>\n<meta property=\"article:modified_time\" content=\"2026-08-30T05:46:59+00:00\" \/>\n<meta property=\"og:image\" content=\"https:\/\/www.spolekbos.cz\/wp-content\/uploads\/2026\/08\/IMG_6875.jpg\" \/>\n\t<meta property=\"og:image:width\" content=\"2016\" \/>\n\t<meta property=\"og:image:height\" content=\"1512\" \/>\n\t<meta property=\"og:image:type\" content=\"image\/jpeg\" \/>\n<meta name=\"author\" content=\"Michal\" \/>\n<meta name=\"twitter:card\" content=\"summary_large_image\" \/>\n<meta name=\"twitter:label1\" content=\"Napsal(a)\" \/>\n\t<meta name=\"twitter:data1\" content=\"Michal\" \/>\n\t<meta name=\"twitter:label2\" content=\"Odhadovan\u00e1 doba \u010dten\u00ed\" \/>\n\t<meta name=\"twitter:data2\" content=\"1 minuta\" \/>\n<script type=\"application\/ld+json\" class=\"yoast-schema-graph\">{\"@context\":\"https:\\\/\\\/schema.org\",\"@graph\":[{\"@type\":\"Article\",\"@id\":\"https:\\\/\\\/www.spolekbos.cz\\\/?p=3453#article\",\"isPartOf\":{\"@id\":\"https:\\\/\\\/www.spolekbos.cz\\\/?p=3453\"},\"author\":{\"name\":\"Michal\",\"@id\":\"https:\\\/\\\/www.spolekbos.cz\\\/#\\\/schema\\\/person\\\/89b848effd77f4d67513f7660fdc03b5\"},\"headline\":\"Osm\u00fd ro\u010dn\u00edk Svatov\u00e1clavsk\u00e9ho b\u011bhu je za dve\u0159mi\",\"datePublished\":\"2026-08-30T05:45:10+00:00\",\"dateModified\":\"2026-08-30T05:46:59+00:00\",\"mainEntityOfPage\":{\"@id\":\"https:\\\/\\\/www.spolekbos.cz\\\/?p=3453\"},\"wordCount\":140,\"commentCount\":0,\"image\":{\"@id\":\"https:\\\/\\\/www.spolekbos.cz\\\/?p=3453#primaryimage\"},\"thumbnailUrl\":\"https:\\\/\\\/www.spolekbos.cz\\\/wp-content\\\/uploads\\\/2026\\\/08\\\/IMG_6875.jpg\",\"articleSection\":[\"V\u0161e\"],\"inLanguage\":\"cs\",\"potentialAction\":[{\"@type\":\"CommentAction\",\"name\":\"Comment\",\"target\":[\"https:\\\/\\\/www.spolekbos.cz\\\/?p=3453#respond\"]}]},{\"@type\":\"WebPage\",\"@id\":\"https:\\\/\\\/www.spolekbos.cz\\\/?p=3453\",\"url\":\"https:\\\/\\\/www.spolekbos.cz\\\/?p=3453\",\"name\":\"Osm\u00fd ro\u010dn\u00edk Svatov\u00e1clavsk\u00e9ho b\u011bhu je za dve\u0159mi - Spolek Bolebo\u0159, Oras\u00edn, Svahov\u00e1\",\"isPartOf\":{\"@id\":\"https:\\\/\\\/www.spolekbos.cz\\\/#website\"},\"primaryImageOfPage\":{\"@id\":\"https:\\\/\\\/www.spolekbos.cz\\\/?p=3453#primaryimage\"},\"image\":{\"@id\":\"https:\\\/\\\/www.spolekbos.cz\\\/?p=3453#primaryimage\"},\"thumbnailUrl\":\"https:\\\/\\\/www.spolekbos.cz\\\/wp-content\\\/uploads\\\/2026\\\/08\\\/IMG_6875.jpg\",\"datePublished\":\"2026-08-30T05:45:10+00:00\",\"dateModified\":\"2026-08-30T05:46:59+00:00\",\"author\":{\"@id\":\"https:\\\/\\\/www.spolekbos.cz\\\/#\\\/schema\\\/person\\\/89b848effd77f4d67513f7660fdc03b5\"},\"breadcrumb\":{\"@id\":\"https:\\\/\\\/www.spolekbos.cz\\\/?p=3453#breadcrumb\"},\"inLanguage\":\"cs\",\"potentialAction\":[{\"@type\":\"ReadAction\",\"target\":[\"https:\\\/\\\/www.spolekbos.cz\\\/?p=3453\"]}]},{\"@type\":\"ImageObject\",\"inLanguage\":\"cs\",\"@id\":\"https:\\\/\\\/www.spolekbos.cz\\\/?p=3453#primaryimage\",\"url\":\"https:\\\/\\\/www.spolekbos.cz\\\/wp-content\\\/uploads\\\/2026\\\/08\\\/IMG_6875.jpg\",\"contentUrl\":\"https:\\\/\\\/www.spolekbos.cz\\\/wp-content\\\/uploads\\\/2026\\\/08\\\/IMG_6875.jpg\",\"width\":2016,\"height\":1512},{\"@type\":\"BreadcrumbList\",\"@id\":\"https:\\\/\\\/www.spolekbos.cz\\\/?p=3453#breadcrumb\",\"itemListElement\":[{\"@type\":\"ListItem\",\"position\":1,\"name\":\"Home\",\"item\":\"https:\\\/\\\/www.spolekbos.cz\\\/\"},{\"@type\":\"ListItem\",\"position\":2,\"name\":\"Osm\u00fd ro\u010dn\u00edk Svatov\u00e1clavsk\u00e9ho b\u011bhu je za dve\u0159mi\"}]},{\"@type\":\"WebSite\",\"@id\":\"https:\\\/\\\/www.spolekbos.cz\\\/#website\",\"url\":\"https:\\\/\\\/www.spolekbos.cz\\\/\",\"name\":\"Spolek Bolebo\u0159, Oras\u00edn, Svahov\u00e1\",\"description\":\"Poj\u010fte s n\u00e1mi tvo\u0159it dobr\u00fd sv\u011bt\",\"potentialAction\":[{\"@type\":\"SearchAction\",\"target\":{\"@type\":\"EntryPoint\",\"urlTemplate\":\"https:\\\/\\\/www.spolekbos.cz\\\/?s={search_term_string}\"},\"query-input\":{\"@type\":\"PropertyValueSpecification\",\"valueRequired\":true,\"valueName\":\"search_term_string\"}}],\"inLanguage\":\"cs\"},{\"@type\":\"Person\",\"@id\":\"https:\\\/\\\/www.spolekbos.cz\\\/#\\\/schema\\\/person\\\/89b848effd77f4d67513f7660fdc03b5\",\"name\":\"Michal\",\"image\":{\"@type\":\"ImageObject\",\"inLanguage\":\"cs\",\"@id\":\"https:\\\/\\\/secure.gravatar.com\\\/avatar\\\/6db4008a1492c000e04b0e29035f6d28e1db0423c7b41e934f79ec5f2879fe53?s=96&d=blank&r=g\",\"url\":\"https:\\\/\\\/secure.gravatar.com\\\/avatar\\\/6db4008a1492c000e04b0e29035f6d28e1db0423c7b41e934f79ec5f2879fe53?s=96&d=blank&r=g\",\"contentUrl\":\"https:\\\/\\\/secure.gravatar.com\\\/avatar\\\/6db4008a1492c000e04b0e29035f6d28e1db0423c7b41e934f79ec5f2879fe53?s=96&d=blank&r=g\",\"caption\":\"Michal\"},\"url\":\"https:\\\/\\\/www.spolekbos.cz\\\/?author=21\"}]}<\/script>\n<!-- \/ Yoast SEO plugin. -->","yoast_head_json":{"title":"Osm\u00fd ro\u010dn\u00edk Svatov\u00e1clavsk\u00e9ho b\u011bhu je za dve\u0159mi - Spolek Bolebo\u0159, Oras\u00edn, Svahov\u00e1","robots":{"index":"index","follow":"follow","max-snippet":"max-snippet:-1","max-image-preview":"max-image-preview:large","max-video-preview":"max-video-preview:-1"},"canonical":"https:\/\/www.spolekbos.cz\/?p=3453","og_locale":"cs_CZ","og_type":"article","og_title":"Osm\u00fd ro\u010dn\u00edk Svatov\u00e1clavsk\u00e9ho b\u011bhu je za dve\u0159mi - Spolek Bolebo\u0159, Oras\u00edn, Svahov\u00e1","og_description":"Na pond\u011bl\u00ed 28. z\u00e1\u0159\u00ed jsme si pro V\u00e1s p\u0159ipavili ji\u017e osm\u00fd ro\u010dn\u00edk tradi\u010dn\u00edho Svatov\u00e1clavsk\u00e9ho b\u011bhu Svatomartinskou alej\u00ed. P\u0159ij\u010fte si u\u017e\u00edt rodinn\u00e9 sousedsk\u00e9 odpoledne s trochou sportu. Sraz a registrace startuj\u00edc\u00edch bude prob\u00edhat od 14:00 vedle Bo\u017e\u00edch muk sv. Martina na Read more&#8230;","og_url":"https:\/\/www.spolekbos.cz\/?p=3453","og_site_name":"Spolek Bolebo\u0159, Oras\u00edn, Svahov\u00e1","article_published_time":"2026-08-30T05:45:10+00:00","article_modified_time":"2026-08-30T05:46:59+00:00","og_image":[{"width":2016,"height":1512,"url":"https:\/\/www.spolekbos.cz\/wp-content\/uploads\/2026\/08\/IMG_6875.jpg","type":"image\/jpeg"}],"author":"Michal","twitter_card":"summary_large_image","twitter_misc":{"Napsal(a)":"Michal","Odhadovan\u00e1 doba \u010dten\u00ed":"1 minuta"},"schema":{"@context":"https:\/\/schema.org","@graph":[{"@type":"Article","@id":"https:\/\/www.spolekbos.cz\/?p=3453#article","isPartOf":{"@id":"https:\/\/www.spolekbos.cz\/?p=3453"},"author":{"name":"Michal","@id":"https:\/\/www.spolekbos.cz\/#\/schema\/person\/89b848effd77f4d67513f7660fdc03b5"},"headline":"Osm\u00fd ro\u010dn\u00edk Svatov\u00e1clavsk\u00e9ho b\u011bhu je za dve\u0159mi","datePublished":"2026-08-30T05:45:10+00:00","dateModified":"2026-08-30T05:46:59+00:00","mainEntityOfPage":{"@id":"https:\/\/www.spolekbos.cz\/?p=3453"},"wordCount":140,"commentCount":0,"image":{"@id":"https:\/\/www.spolekbos.cz\/?p=3453#primaryimage"},"thumbnailUrl":"https:\/\/www.spolekbos.cz\/wp-content\/uploads\/2026\/08\/IMG_6875.jpg","articleSection":["V\u0161e"],"inLanguage":"cs","potentialAction":[{"@type":"CommentAction","name":"Comment","target":["https:\/\/www.spolekbos.cz\/?p=3453#respond"]}]},{"@type":"WebPage","@id":"https:\/\/www.spolekbos.cz\/?p=3453","url":"https:\/\/www.spolekbos.cz\/?p=3453","name":"Osm\u00fd ro\u010dn\u00edk Svatov\u00e1clavsk\u00e9ho b\u011bhu je za dve\u0159mi - Spolek Bolebo\u0159, Oras\u00edn, Svahov\u00e1","isPartOf":{"@id":"https:\/\/www.spolekbos.cz\/#website"},"primaryImageOfPage":{"@id":"https:\/\/www.spolekbos.cz\/?p=3453#primaryimage"},"image":{"@id":"https:\/\/www.spolekbos.cz\/?p=3453#primaryimage"},"thumbnailUrl":"https:\/\/www.spolekbos.cz\/wp-content\/uploads\/2026\/08\/IMG_6875.jpg","datePublished":"2026-08-30T05:45:10+00:00","dateModified":"2026-08-30T05:46:59+00:00","author":{"@id":"https:\/\/www.spolekbos.cz\/#\/schema\/person\/89b848effd77f4d67513f7660fdc03b5"},"breadcrumb":{"@id":"https:\/\/www.spolekbos.cz\/?p=3453#breadcrumb"},"inLanguage":"cs","potentialAction":[{"@type":"ReadAction","target":["https:\/\/www.spolekbos.cz\/?p=3453"]}]},{"@type":"ImageObject","inLanguage":"cs","@id":"https:\/\/www.spolekbos.cz\/?p=3453#primaryimage","url":"https:\/\/www.spolekbos.cz\/wp-content\/uploads\/2026\/08\/IMG_6875.jpg","contentUrl":"https:\/\/www.spolekbos.cz\/wp-content\/uploads\/2026\/08\/IMG_6875.jpg","width":2016,"height":1512},{"@type":"BreadcrumbList","@id":"https:\/\/www.spolekbos.cz\/?p=3453#breadcrumb","itemListElement":[{"@type":"ListItem","position":1,"name":"Home","item":"https:\/\/www.spolekbos.cz\/"},{"@type":"ListItem","position":2,"name":"Osm\u00fd ro\u010dn\u00edk Svatov\u00e1clavsk\u00e9ho b\u011bhu je za dve\u0159mi"}]},{"@type":"WebSite","@id":"https:\/\/www.spolekbos.cz\/#website","url":"https:\/\/www.spolekbos.cz\/","name":"Spolek Bolebo\u0159, Oras\u00edn, Svahov\u00e1","description":"Poj\u010fte s n\u00e1mi tvo\u0159it dobr\u00fd sv\u011bt","potentialAction":[{"@type":"SearchAction","target":{"@type":"EntryPoint","urlTemplate":"https:\/\/www.spolekbos.cz\/?s={search_term_string}"},"query-input":{"@type":"PropertyValueSpecification","valueRequired":true,"valueName":"search_term_string"}}],"inLanguage":"cs"},{"@type":"Person","@id":"https:\/\/www.spolekbos.cz\/#\/schema\/person\/89b848effd77f4d67513f7660fdc03b5","name":"Michal","image":{"@type":"ImageObject","inLanguage":"cs","@id":"https:\/\/secure.gravatar.com\/avatar\/6db4008a1492c000e04b0e29035f6d28e1db0423c7b41e934f79ec5f2879fe53?s=96&d=blank&r=g","url":"https:\/\/secure.gravatar.com\/avatar\/6db4008a1492c000e04b0e29035f6d28e1db0423c7b41e934f79ec5f2879fe53?s=96&d=blank&r=g","contentUrl":"https:\/\/secure.gravatar.com\/avatar\/6db4008a1492c000e04b0e29035f6d28e1db0423c7b41e934f79ec5f2879fe53?s=96&d=blank&r=g","caption":"Michal"},"url":"https:\/\/www.spolekbos.cz\/?author=21"}]}},"_links":{"self":[{"href":"https:\/\/www.spolekbos.cz\/index.php?rest_route=\/wp\/v2\/posts\/3453","targetHints":{"allow":["GET"]}}],"collection":[{"href":"https:\/\/www.spolekbos.cz\/index.php?rest_route=\/wp\/v2\/posts"}],"about":[{"href":"https:\/\/www.spolekbos.cz\/index.php?rest_route=\/wp\/v2\/types\/post"}],"author":[{"embeddable":true,"href":"https:\/\/www.spolekbos.cz\/index.php?rest_route=\/wp\/v2\/users\/21"}],"replies":[{"embeddable":true,"href":"https:\/\/www.spolekbos.cz\/index.php?rest_route=%2Fwp%2Fv2%2Fcomments&post=3453"}],"version-history":[{"count":1,"href":"https:\/\/www.spolekbos.cz\/index.php?rest_route=\/wp\/v2\/posts\/3453\/revisions"}],"predecessor-version":[{"id":3456,"href":"https:\/\/www.spolekbos.cz\/index.php?rest_route=\/wp\/v2\/posts\/3453\/revisions\/3456"}],"wp:featuredmedia":[{"embeddable":true,"href":"https:\/\/www.spolekbos.cz\/index.php?rest_route=\/wp\/v2\/media\/3454"}],"wp:attachment":[{"href":"https:\/\/www.spolekbos.cz\/index.php?rest_route=%2Fwp%2Fv2%2Fmedia&parent=3453"}],"wp:term":[{"taxonomy":"category","embeddable":true,"href":"https:\/\/www.spolekbos.cz\/index.php?rest_route=%2Fwp%2Fv2%2Fcategories&post=3453"},{"taxonomy":"post_tag","embeddable":true,"href":"https:\/\/www.spolekbos.cz\/index.php?rest_route=%2Fwp%2Fv2%2Ftags&post=3453"}],"curies":[{"name":"wp","href":"https:\/\/api.w.org\/{rel}","templated":true}]}}